{"id":570,"date":"2021-11-10T22:29:58","date_gmt":"2021-11-10T22:29:58","guid":{"rendered":"https:\/\/sosracismonafarroa.es\/?p=570"},"modified":"2021-11-10T22:34:06","modified_gmt":"2021-11-10T22:34:06","slug":"la-vida-de-issa-importa","status":"publish","type":"post","link":"https:\/\/sosracismonafarroa.es\/index.php\/2021\/11\/10\/la-vida-de-issa-importa\/","title":{"rendered":"LA VIDA DE ISSA IMPORTA"},"content":{"rendered":"\n<p>En la ma\u00f1ana del 5 de noviembre, en el barrio de San Crist\u00f3bal de Madrid,&nbsp;Issa&nbsp;M., de 44 a\u00f1os, era abatido a tiros por agentes policiales. &nbsp;<\/p>\n\n\n\n<p>Seg\u00fan se\u00f1alan testigos,&nbsp;Issa&nbsp;blandi\u00f3 un cuchillo frente a numerosas personas, incluidos agentes policiales. La polic\u00eda alega leg\u00edtima defensa porque, seg\u00fan afirman, hiri\u00f3 a un agente. Sin embargo, diferentes testigos cuestionan esta versi\u00f3n. Adem\u00e1s, los testigos coinciden en que los agentes policiales siguieron disparando a&nbsp;Issa&nbsp;y profiriendo insultos una vez se encontraba en el suelo.<\/p>\n\n\n\n<p>La imagen no podr\u00eda ser m\u00e1s atroz.<\/p>\n\n\n\n<p>Nadie deber\u00eda ser tiroteado, nunca, por agentes que supuestamente deber\u00edan velar por la ciudadan\u00eda. Mucho menos a\u00fan, alguien que ya yace en el suelo, desprotegido, completamente vulnerable. Herir a alguien con una bala puede ser dif\u00edcilmente considerado una estrategia de \u201cleg\u00edtima defensa\u201d. Meterle a alguien cuatro balazos en el cuerpo es, simplemente, tirar a matar.&nbsp;<\/p>\n\n\n\n<p>Sin embargo, como sabemos, ser\u00e1 dif\u00edcil que ning\u00fan juez condene a los agentes implicados, porque la legislaci\u00f3n actual defiende sistem\u00e1ticamente la acci\u00f3n policial, otorgando al testimonio policial m\u00e1s valor que al de cualquier otra persona.<\/p>\n\n\n\n<p>Issa&nbsp;era una persona vulnerable por muchas cuestiones. Entre otras, por su origen extracomunitario, ya que era originario de Ghana; tambi\u00e9n por la pobreza y el sinhogarismo que sufr\u00eda desde hac\u00eda a\u00f1os, unido a una grave patolog\u00eda de salud mental.&nbsp;<\/p>\n\n\n\n<p>Entre otras cosas, no podemos dejar de preguntarnos si, en caso de que&nbsp;Issa&nbsp;hubiese sido blanco, los agentes no habr\u00edan intentado reducirle de otro modo. Los datos recogidos por organizaciones como Amnist\u00eda Internacional o&nbsp;Rigths&nbsp;International no dejan lugar a dudas: el racismo institucional campa a sus anchas en las dependencias policiales espa\u00f1olas. Las detenciones por perfil \u00e9tnico, los controles racistas, los malos tratos y vejaciones a personas racializadas son, tristemente, el pan nuestro de cada d\u00eda en todos los cuerpos del orden.<\/p>\n\n\n\n<p>A&nbsp;Issa, como sabemos, le mataron agentes policiales. Sin embargo, tambi\u00e9n le hab\u00eda fallado todo un sistema. Un sistema injusto y deshumanizado que obliga a muchas personas a migrar para negarles luego sus derechos m\u00e1s b\u00e1sicos a trav\u00e9s de normativas como la Ley de Extranjer\u00eda. Un sistema sanitario que no garantiza una atenci\u00f3n universal, integral y de calidad a la salud f\u00edsica y mental. Un sistema de servicios sociales saturado y despojado de recursos para atender adecuadamente a las personas vulnerables. A&nbsp;Issa&nbsp;tambi\u00e9n le ha ido minando la salud y las fuerzas, d\u00eda tras d\u00eda, la ausencia de derechos: el derecho a una vivienda digna, a un empleo en buenas condiciones o a una Renta B\u00e1sica Universal. &nbsp;<\/p>\n\n\n\n<p>Desgraciadamente, la situaci\u00f3n en Navarra no dista mucho del panorama descrito. El sistema navarro de salud est\u00e1 muy lejos de asegurar una atenci\u00f3n integral de calidad en el \u00e1mbito de la salud mental. Y, tambi\u00e9n aqu\u00ed, la poblaci\u00f3n en situaci\u00f3n de exclusi\u00f3n, las personas sin techo y las migrantes sin papeles est\u00e1n abandonadas por las instituciones p\u00fablicas.<\/p>\n\n\n\n<p>Hay quienes estos d\u00edas se emplear\u00e1n a fondo en hacernos creer que el peligroso, el violento, era&nbsp;Issa. Quiz\u00e1 debi\u00e9ramos preguntarnos si no ser\u00e1 mayor peligro habitar un mundo repleto de injusticias flagrantes en el que polic\u00edas pistoleros campan a sus anchas.<\/p>\n\n\n\n<p>Con la muerte de&nbsp;Issa&nbsp;se extingue una vida. En su lugar, queda un fracaso flagrante de lo que, como sociedad, pod\u00edamos haber hecho por \u00e9l y no hicimos. Honremos su memoria exigiendo&nbsp;justicia y reparaci\u00f3n, si no para \u00e9l, para quienes hoy se encuentran en la posici\u00f3n en que \u00e9l estuvo. Exijamos que nunca m\u00e1s las balas de ning\u00fan polic\u00eda sieguen la vida de nadie.&nbsp;<\/p>\n\n\n\n<p>No podemos acabar este escrito sin recordar los nombres de&nbsp;Elhadji&nbsp;Ndiaye&nbsp;(Iru\u00f1ea), Jonathan&nbsp;Sizalima, Samba&nbsp;Martine,&nbsp;Idrissa&nbsp;Diallo, Aramis&nbsp;Manukyan, Mohamed&nbsp;Abagui, Mohamed&nbsp;Bouderbala,&nbsp;Marouane&nbsp;Abouobaida, Mor&nbsp;Sylla, Mame&nbsp;Mbaye,&nbsp;Soufian&nbsp;Hnin,&nbsp;Mamadou&nbsp;Barry,&nbsp;Osamuyi&nbsp;Aikpithanyi,&nbsp;Soup&nbsp;Tagne&nbsp;Armand&nbsp;Ferdinand,&nbsp;Douda&nbsp;Mahama, Larios Fotio, Nana&nbsp;Chimie&nbsp;Roger,&nbsp;Ousman&nbsp;Hassan, Ibrahim&nbsp;Keyta,&nbsp;Jeannot&nbsp;Flame,&nbsp;BilongMartin Yves,&nbsp;Bikai&nbsp;Luc&nbsp;Firmin, Blaise&nbsp;Fotchin,&nbsp;Aboubakar&nbsp;Oumaourou&nbsp;Maiga, Samba Baya, Youssouf\u2026, muertas bajo custodia o tras la acci\u00f3n policial.&nbsp;<\/p>\n\n\n\n<p>Las vidas de&nbsp;Issa&nbsp;y de todas ellas importan. Las vidas negras importan.<\/p>\n\n\n\n<p><em>SOS Racismo Nafarroa<\/em><\/p>\n","protected":false},"excerpt":{"rendered":"<p>En la ma\u00f1ana del 5 de noviembre, en el barrio de San Crist\u00f3bal de Madrid,&nbsp;Issa&nbsp;M., de 44 a\u00f1os, era abatido a tiros por agentes policiales. &nbsp; Seg\u00fan se\u00f1alan testigos,&nbsp;Issa&nbsp;blandi\u00f3 un cuchillo frente a numerosas personas, incluidos agentes policiales. La polic\u00eda alega leg\u00edtima defensa porque, seg\u00fan afirman, hiri\u00f3 a un agente. <a href=\"https:\/\/sosracismonafarroa.es\/index.php\/2021\/11\/10\/la-vida-de-issa-importa\/\" class=\"btn-link\">Seguir leyendo<i class=\"ion-ios-arrow-right\"><\/i><\/a><\/p>\n","protected":false},"author":1,"featured_media":573,"comment_status":"open","ping_status":"open","sticky":false,"template":"","format":"standard","meta":[],"categories":[4,10],"tags":[],"yoast_head":"<!-- This site is optimized with the Yoast SEO plugin v15.9.1 - https:\/\/yoast.com\/wordpress\/plugins\/seo\/ -->\n<title>LA VIDA DE ISSA IMPORTA - SOS RACISMO NAFARROA<\/title>\n<link rel=\"canonical\" href=\"http:\/\/sosracismonafarroa.es\/index.php\/2021\/11\/10\/la-vida-de-issa-importa\/\" \/>\n<meta property=\"og:locale\" content=\"es_ES\" \/>\n<meta property=\"og:type\" content=\"article\" \/>\n<meta property=\"og:title\" content=\"LA VIDA DE ISSA IMPORTA - SOS RACISMO NAFARROA\" \/>\n<meta property=\"og:description\" content=\"En la ma\u00f1ana del 5 de noviembre, en el barrio de San Crist\u00f3bal de Madrid,&nbsp;Issa&nbsp;M., de 44 a\u00f1os, era abatido a tiros por agentes policiales. &nbsp; Seg\u00fan se\u00f1alan testigos,&nbsp;Issa&nbsp;blandi\u00f3 un cuchillo frente a numerosas personas, incluidos agentes policiales. La polic\u00eda alega leg\u00edtima defensa porque, seg\u00fan afirman, hiri\u00f3 a un agente. Seguir leyendo\" \/>\n<meta property=\"og:url\" content=\"http:\/\/sosracismonafarroa.es\/index.php\/2021\/11\/10\/la-vida-de-issa-importa\/\" \/>\n<meta property=\"og:site_name\" content=\"SOS RACISMO NAFARROA\" \/>\n<meta property=\"article:publisher\" content=\"https:\/\/www.facebook.com\/sos.nafarroa\/\" \/>\n<meta property=\"article:published_time\" content=\"2021-11-10T22:29:58+00:00\" \/>\n<meta property=\"article:modified_time\" content=\"2021-11-10T22:34:06+00:00\" \/>\n<meta property=\"og:image\" content=\"https:\/\/sosracismonafarroa.es\/wp-content\/uploads\/2021\/11\/1DA41935-D0D1-48A1-BBE0-CC5E7F857B76.jpeg\" \/>\n\t<meta property=\"og:image:width\" content=\"1131\" \/>\n\t<meta property=\"og:image:height\" content=\"703\" \/>\n<meta name=\"twitter:card\" content=\"summary_large_image\" \/>\n<meta name=\"twitter:creator\" content=\"@SOSracismoNafar\" \/>\n<meta name=\"twitter:site\" content=\"@SOSracismoNafar\" \/>\n<meta name=\"twitter:label1\" content=\"Tiempo de lectura\">\n\t<meta name=\"twitter:data1\" content=\"3 minutos\">\n<script type=\"application\/ld+json\" class=\"yoast-schema-graph\">{\"@context\":\"https:\/\/schema.org\",\"@graph\":[{\"@type\":\"WebSite\",\"@id\":\"http:\/\/sosracismonafarroa.es\/#website\",\"url\":\"http:\/\/sosracismonafarroa.es\/\",\"name\":\"SOS RACISMO NAFARROA\",\"description\":\"Desde 1992 contra el racismo institucional\",\"potentialAction\":[{\"@type\":\"SearchAction\",\"target\":\"http:\/\/sosracismonafarroa.es\/?s={search_term_string}\",\"query-input\":\"required name=search_term_string\"}],\"inLanguage\":\"es\"},{\"@type\":\"ImageObject\",\"@id\":\"http:\/\/sosracismonafarroa.es\/index.php\/2021\/11\/10\/la-vida-de-issa-importa\/#primaryimage\",\"inLanguage\":\"es\",\"url\":\"https:\/\/sosracismonafarroa.es\/wp-content\/uploads\/2021\/11\/1DA41935-D0D1-48A1-BBE0-CC5E7F857B76.jpeg\",\"width\":1131,\"height\":703},{\"@type\":\"WebPage\",\"@id\":\"http:\/\/sosracismonafarroa.es\/index.php\/2021\/11\/10\/la-vida-de-issa-importa\/#webpage\",\"url\":\"http:\/\/sosracismonafarroa.es\/index.php\/2021\/11\/10\/la-vida-de-issa-importa\/\",\"name\":\"LA VIDA DE ISSA IMPORTA - SOS RACISMO NAFARROA\",\"isPartOf\":{\"@id\":\"http:\/\/sosracismonafarroa.es\/#website\"},\"primaryImageOfPage\":{\"@id\":\"http:\/\/sosracismonafarroa.es\/index.php\/2021\/11\/10\/la-vida-de-issa-importa\/#primaryimage\"},\"datePublished\":\"2021-11-10T22:29:58+00:00\",\"dateModified\":\"2021-11-10T22:34:06+00:00\",\"author\":{\"@id\":\"http:\/\/sosracismonafarroa.es\/#\/schema\/person\/1089088021f933a3eeab3a5a5c603667\"},\"breadcrumb\":{\"@id\":\"http:\/\/sosracismonafarroa.es\/index.php\/2021\/11\/10\/la-vida-de-issa-importa\/#breadcrumb\"},\"inLanguage\":\"es\",\"potentialAction\":[{\"@type\":\"ReadAction\",\"target\":[\"http:\/\/sosracismonafarroa.es\/index.php\/2021\/11\/10\/la-vida-de-issa-importa\/\"]}]},{\"@type\":\"BreadcrumbList\",\"@id\":\"http:\/\/sosracismonafarroa.es\/index.php\/2021\/11\/10\/la-vida-de-issa-importa\/#breadcrumb\",\"itemListElement\":[{\"@type\":\"ListItem\",\"position\":1,\"item\":{\"@type\":\"WebPage\",\"@id\":\"http:\/\/sosracismonafarroa.es\/\",\"url\":\"http:\/\/sosracismonafarroa.es\/\",\"name\":\"Portada\"}},{\"@type\":\"ListItem\",\"position\":2,\"item\":{\"@type\":\"WebPage\",\"@id\":\"http:\/\/sosracismonafarroa.es\/index.php\/2021\/11\/10\/la-vida-de-issa-importa\/\",\"url\":\"http:\/\/sosracismonafarroa.es\/index.php\/2021\/11\/10\/la-vida-de-issa-importa\/\",\"name\":\"LA VIDA DE ISSA IMPORTA\"}}]},{\"@type\":\"Person\",\"@id\":\"http:\/\/sosracismonafarroa.es\/#\/schema\/person\/1089088021f933a3eeab3a5a5c603667\",\"name\":\"Rodrigo\",\"image\":{\"@type\":\"ImageObject\",\"@id\":\"http:\/\/sosracismonafarroa.es\/#personlogo\",\"inLanguage\":\"es\",\"url\":\"https:\/\/secure.gravatar.com\/avatar\/80c56c297ae86824eb0a6e4befad653e?s=96&d=mm&r=g\",\"caption\":\"Rodrigo\"}}]}<\/script>\n<!-- \/ Yoast SEO plugin. -->","_links":{"self":[{"href":"https:\/\/sosracismonafarroa.es\/index.php\/wp-json\/wp\/v2\/posts\/570"}],"collection":[{"href":"https:\/\/sosracismonafarroa.es\/index.php\/wp-json\/wp\/v2\/posts"}],"about":[{"href":"https:\/\/sosracismonafarroa.es\/index.php\/wp-json\/wp\/v2\/types\/post"}],"author":[{"embeddable":true,"href":"https:\/\/sosracismonafarroa.es\/index.php\/wp-json\/wp\/v2\/users\/1"}],"replies":[{"embeddable":true,"href":"https:\/\/sosracismonafarroa.es\/index.php\/wp-json\/wp\/v2\/comments?post=570"}],"version-history":[{"count":1,"href":"https:\/\/sosracismonafarroa.es\/index.php\/wp-json\/wp\/v2\/posts\/570\/revisions"}],"predecessor-version":[{"id":571,"href":"https:\/\/sosracismonafarroa.es\/index.php\/wp-json\/wp\/v2\/posts\/570\/revisions\/571"}],"wp:featuredmedia":[{"embeddable":true,"href":"https:\/\/sosracismonafarroa.es\/index.php\/wp-json\/wp\/v2\/media\/573"}],"wp:attachment":[{"href":"https:\/\/sosracismonafarroa.es\/index.php\/wp-json\/wp\/v2\/media?parent=570"}],"wp:term":[{"taxonomy":"category","embeddable":true,"href":"https:\/\/sosracismonafarroa.es\/index.php\/wp-json\/wp\/v2\/categories?post=570"},{"taxonomy":"post_tag","embeddable":true,"href":"https:\/\/sosracismonafarroa.es\/index.php\/wp-json\/wp\/v2\/tags?post=570"}],"curies":[{"name":"wp","href":"https:\/\/api.w.org\/{rel}","templated":true}]}}